{"id":21193,"date":"2020-09-07T18:19:03","date_gmt":"2020-09-07T16:19:03","guid":{"rendered":"https:\/\/modididire.org\/?p=21193"},"modified":"2021-05-05T13:14:50","modified_gmt":"2021-05-05T11:14:50","slug":"le-storie-di-modi-di-dire-christian","status":"publish","type":"post","link":"https:\/\/modididire.org\/index.php\/2020\/09\/07\/le-storie-di-modi-di-dire-christian\/","title":{"rendered":"Le Storie di Modi di Dire: Christian"},"content":{"rendered":"<div class=\"wpb-content-wrapper\"><p>[vc_row][vc_column][vc_single_image image=&#8221;21144&#8243; img_size=&#8221;medium&#8221; alignment=&#8221;center&#8221; css=&#8221;.vc_custom_1599212878402{margin-top: 0px !important;padding-top: 0px !important;}&#8221;][\/vc_column][\/vc_row][vc_row dfd_row_config=&#8221;full_width_content&#8221;][vc_column][vc_column_text css=&#8221;.vc_custom_1602682874064{padding-top: 10px !important;padding-right: 10px !important;padding-bottom: 10px !important;padding-left: 10px !important;}&#8221;]<\/p>\n<h5><strong>Quando la volont\u00e0 di fare supera ogni barriera<\/strong><\/h5>\n<p>[\/vc_column_text][vc_column_text css=&#8221;.vc_custom_1602682964881{padding-top: 10px !important;padding-right: 10px !important;padding-bottom: 30px !important;padding-left: 10px !important;}&#8221;]<span style=\"font-weight: 400;\">Cosa significa vivere e convivere con una persona disabile? Cosa significa starle accanto, comprenderne le esigenze e i bisogni?<br \/>\n<\/span><span style=\"font-weight: 400;\">La disabilit\u00e0 \u00e8 un tema delicato e complesso, ancor di pi\u00f9 quando si parla di bambini.<\/span><\/p>\n<p><span style=\"font-weight: 400;\">Oggi vogliamo raccontarti la storia di <strong>Christian<\/strong>, bambino affetto dalla Sindrome di Down che segue un <strong>percorso di CAA e Logopedia<\/strong> presso la nostra Fondazione. Abbiamo intervistato la sua affidataria, Piera, e gli operatori che lo hanno seguito fin dall&#8217;inizio del suo percorso, Antonio e Sara.<br \/>\n<\/span><span style=\"font-weight: 400;\">Puoi vedere l\u2019intervista qui: <\/span><a href=\"https:\/\/www.youtube.com\/watch?v=cnF1sSg1PZA&amp;t=75s\" target=\"_blank\" rel=\"noopener noreferrer\"><span style=\"font-weight: 400;\">https:\/\/www.youtube.com\/watch?v=cnF1sSg1PZA&amp;t=75s<\/span><\/a><\/p>\n<p><span style=\"font-weight: 400;\">Lavorando insieme a noi, Christian ci ha dimostrato come sia possibile superare i propri limiti comunicativi e far emergere se stessi anche senza esprimersi a parole.<br \/>\n<\/span><span style=\"font-weight: 400;\">Perch\u00e9, come noi della <strong>Fondazione Modi di Dire<\/strong> sosteniamo fermamente, non esiste un solo modo di comunicare e non c\u2019\u00e8 niente di pi\u00f9 bello che scoprire quante emozioni si riescano a trasmettere anche senza parlare.<\/span>[\/vc_column_text][vc_single_image image=&#8221;21194&#8243; img_size=&#8221;full&#8221; alignment=&#8221;center&#8221;][\/vc_column][\/vc_row]<\/p>\n<\/div>","protected":false},"excerpt":{"rendered":"<p>Quando la volont\u00e0 di fare supera ogni barriera<\/p>\n","protected":false},"author":1,"featured_media":21194,"comment_status":"closed","ping_status":"closed","sticky":false,"template":"","format":"standard","meta":{"footnotes":""},"categories":[154,1],"tags":[],"class_list":["post-21193","post","type-post","status-publish","format-standard","has-post-thumbnail","hentry","category-blog","category-senza-categoria"],"yoast_head":"<!-- This site is optimized with the Yoast SEO plugin v26.5 - https:\/\/yoast.com\/wordpress\/plugins\/seo\/ -->\n<title>Le Storie di Modi di Dire: Christian - Modi di Dire Fondazione<\/title>\n<meta name=\"description\" content=\"Questa \u00e8 la storia di Christian, bambino affetto dalla Sindrome di Down che segue un percorso di CAA e Logopedia presso la nostra Fondazione.\" \/>\n<meta name=\"robots\" content=\"index, follow, max-snippet:-1, max-image-preview:large, max-video-preview:-1\" \/>\n<link rel=\"canonical\" href=\"https:\/\/modididire.org\/index.php\/2020\/09\/07\/le-storie-di-modi-di-dire-christian\/\" \/>\n<meta property=\"og:locale\" content=\"it_IT\" \/>\n<meta property=\"og:type\" content=\"article\" \/>\n<meta property=\"og:title\" content=\"Le Storie di Modi di Dire: Christian - Modi di Dire Fondazione\" \/>\n<meta property=\"og:description\" content=\"Questa \u00e8 la storia di Christian, bambino affetto dalla Sindrome di Down che segue un percorso di CAA e Logopedia presso la nostra Fondazione.\" \/>\n<meta property=\"og:url\" content=\"https:\/\/modididire.org\/index.php\/2020\/09\/07\/le-storie-di-modi-di-dire-christian\/\" \/>\n<meta property=\"og:site_name\" content=\"Modi di Dire\" \/>\n<meta property=\"article:publisher\" content=\"https:\/\/www.facebook.com\/modididireprato\/\" \/>\n<meta property=\"article:published_time\" content=\"2020-09-07T16:19:03+00:00\" \/>\n<meta property=\"article:modified_time\" content=\"2021-05-05T11:14:50+00:00\" \/>\n<meta property=\"og:image\" content=\"https:\/\/modididire.org\/wp-content\/uploads\/2020\/09\/87451338_2660889460686705_3286157637984452608_o.jpg\" \/>\n\t<meta property=\"og:image:width\" content=\"1396\" \/>\n\t<meta property=\"og:image:height\" content=\"1140\" \/>\n\t<meta property=\"og:image:type\" content=\"image\/jpeg\" \/>\n<meta name=\"author\" content=\"ModiDire\" \/>\n<meta name=\"twitter:card\" content=\"summary_large_image\" \/>\n<meta name=\"twitter:label1\" content=\"Scritto da\" \/>\n\t<meta name=\"twitter:data1\" content=\"ModiDire\" \/>\n\t<meta name=\"twitter:label2\" content=\"Tempo di lettura stimato\" \/>\n\t<meta name=\"twitter:data2\" content=\"1 minuto\" \/>\n<script type=\"application\/ld+json\" class=\"yoast-schema-graph\">{\"@context\":\"https:\/\/schema.org\",\"@graph\":[{\"@type\":\"Article\",\"@id\":\"https:\/\/modididire.org\/index.php\/2020\/09\/07\/le-storie-di-modi-di-dire-christian\/#article\",\"isPartOf\":{\"@id\":\"https:\/\/modididire.org\/index.php\/2020\/09\/07\/le-storie-di-modi-di-dire-christian\/\"},\"author\":{\"name\":\"ModiDire\",\"@id\":\"https:\/\/modididire.org\/#\/schema\/person\/3b16f14a005176cbe8c4c3def825d8c3\"},\"headline\":\"Le Storie di Modi di Dire: Christian\",\"datePublished\":\"2020-09-07T16:19:03+00:00\",\"dateModified\":\"2021-05-05T11:14:50+00:00\",\"mainEntityOfPage\":{\"@id\":\"https:\/\/modididire.org\/index.php\/2020\/09\/07\/le-storie-di-modi-di-dire-christian\/\"},\"wordCount\":265,\"publisher\":{\"@id\":\"https:\/\/modididire.org\/#organization\"},\"image\":{\"@id\":\"https:\/\/modididire.org\/index.php\/2020\/09\/07\/le-storie-di-modi-di-dire-christian\/#primaryimage\"},\"thumbnailUrl\":\"https:\/\/modididire.org\/wp-content\/uploads\/2020\/09\/87451338_2660889460686705_3286157637984452608_o.jpg\",\"articleSection\":[\"Blog\"],\"inLanguage\":\"it-IT\"},{\"@type\":\"WebPage\",\"@id\":\"https:\/\/modididire.org\/index.php\/2020\/09\/07\/le-storie-di-modi-di-dire-christian\/\",\"url\":\"https:\/\/modididire.org\/index.php\/2020\/09\/07\/le-storie-di-modi-di-dire-christian\/\",\"name\":\"Le Storie di Modi di Dire: Christian - Modi di Dire Fondazione\",\"isPartOf\":{\"@id\":\"https:\/\/modididire.org\/#website\"},\"primaryImageOfPage\":{\"@id\":\"https:\/\/modididire.org\/index.php\/2020\/09\/07\/le-storie-di-modi-di-dire-christian\/#primaryimage\"},\"image\":{\"@id\":\"https:\/\/modididire.org\/index.php\/2020\/09\/07\/le-storie-di-modi-di-dire-christian\/#primaryimage\"},\"thumbnailUrl\":\"https:\/\/modididire.org\/wp-content\/uploads\/2020\/09\/87451338_2660889460686705_3286157637984452608_o.jpg\",\"datePublished\":\"2020-09-07T16:19:03+00:00\",\"dateModified\":\"2021-05-05T11:14:50+00:00\",\"description\":\"Questa \u00e8 la storia di Christian, bambino affetto dalla Sindrome di Down che segue un percorso di CAA e Logopedia presso la nostra Fondazione.\",\"breadcrumb\":{\"@id\":\"https:\/\/modididire.org\/index.php\/2020\/09\/07\/le-storie-di-modi-di-dire-christian\/#breadcrumb\"},\"inLanguage\":\"it-IT\",\"potentialAction\":[{\"@type\":\"ReadAction\",\"target\":[\"https:\/\/modididire.org\/index.php\/2020\/09\/07\/le-storie-di-modi-di-dire-christian\/\"]}]},{\"@type\":\"ImageObject\",\"inLanguage\":\"it-IT\",\"@id\":\"https:\/\/modididire.org\/index.php\/2020\/09\/07\/le-storie-di-modi-di-dire-christian\/#primaryimage\",\"url\":\"https:\/\/modididire.org\/wp-content\/uploads\/2020\/09\/87451338_2660889460686705_3286157637984452608_o.jpg\",\"contentUrl\":\"https:\/\/modididire.org\/wp-content\/uploads\/2020\/09\/87451338_2660889460686705_3286157637984452608_o.jpg\",\"width\":1396,\"height\":1140},{\"@type\":\"BreadcrumbList\",\"@id\":\"https:\/\/modididire.org\/index.php\/2020\/09\/07\/le-storie-di-modi-di-dire-christian\/#breadcrumb\",\"itemListElement\":[{\"@type\":\"ListItem\",\"position\":1,\"name\":\"Home\",\"item\":\"https:\/\/modididire.org\/\"},{\"@type\":\"ListItem\",\"position\":2,\"name\":\"Le Storie di Modi di Dire: Christian\"}]},{\"@type\":\"WebSite\",\"@id\":\"https:\/\/modididire.org\/#website\",\"url\":\"https:\/\/modididire.org\/\",\"name\":\"Modi di Dire\",\"description\":\"Fondazione Ets\",\"publisher\":{\"@id\":\"https:\/\/modididire.org\/#organization\"},\"potentialAction\":[{\"@type\":\"SearchAction\",\"target\":{\"@type\":\"EntryPoint\",\"urlTemplate\":\"https:\/\/modididire.org\/?s={search_term_string}\"},\"query-input\":{\"@type\":\"PropertyValueSpecification\",\"valueRequired\":true,\"valueName\":\"search_term_string\"}}],\"inLanguage\":\"it-IT\"},{\"@type\":\"Organization\",\"@id\":\"https:\/\/modididire.org\/#organization\",\"name\":\"Modi di dire\",\"url\":\"https:\/\/modididire.org\/\",\"logo\":{\"@type\":\"ImageObject\",\"inLanguage\":\"it-IT\",\"@id\":\"https:\/\/modididire.org\/#\/schema\/logo\/image\/\",\"url\":\"https:\/\/modididire.org\/wp-content\/uploads\/2019\/12\/logoOK.png\",\"contentUrl\":\"https:\/\/modididire.org\/wp-content\/uploads\/2019\/12\/logoOK.png\",\"width\":500,\"height\":74,\"caption\":\"Modi di dire\"},\"image\":{\"@id\":\"https:\/\/modididire.org\/#\/schema\/logo\/image\/\"},\"sameAs\":[\"https:\/\/www.facebook.com\/modididireprato\/\",\"https:\/\/www.youtube.com\/channel\/UCQaZ45BhVaqBSfLs8SNGvjw\"]},{\"@type\":\"Person\",\"@id\":\"https:\/\/modididire.org\/#\/schema\/person\/3b16f14a005176cbe8c4c3def825d8c3\",\"name\":\"ModiDire\",\"image\":{\"@type\":\"ImageObject\",\"inLanguage\":\"it-IT\",\"@id\":\"https:\/\/modididire.org\/#\/schema\/person\/image\/\",\"url\":\"https:\/\/secure.gravatar.com\/avatar\/8165f61cfff3d4e5dfcfbf5e11a779e9a068aa7692345f841feaf697be94b686?s=96&d=mm&r=g\",\"contentUrl\":\"https:\/\/secure.gravatar.com\/avatar\/8165f61cfff3d4e5dfcfbf5e11a779e9a068aa7692345f841feaf697be94b686?s=96&d=mm&r=g\",\"caption\":\"ModiDire\"}}]}<\/script>\n<!-- \/ Yoast SEO plugin. -->","yoast_head_json":{"title":"Le Storie di Modi di Dire: Christian - Modi di Dire Fondazione","description":"Questa \u00e8 la storia di Christian, bambino affetto dalla Sindrome di Down che segue un percorso di CAA e Logopedia presso la nostra Fondazione.","robots":{"index":"index","follow":"follow","max-snippet":"max-snippet:-1","max-image-preview":"max-image-preview:large","max-video-preview":"max-video-preview:-1"},"canonical":"https:\/\/modididire.org\/index.php\/2020\/09\/07\/le-storie-di-modi-di-dire-christian\/","og_locale":"it_IT","og_type":"article","og_title":"Le Storie di Modi di Dire: Christian - Modi di Dire Fondazione","og_description":"Questa \u00e8 la storia di Christian, bambino affetto dalla Sindrome di Down che segue un percorso di CAA e Logopedia presso la nostra Fondazione.","og_url":"https:\/\/modididire.org\/index.php\/2020\/09\/07\/le-storie-di-modi-di-dire-christian\/","og_site_name":"Modi di Dire","article_publisher":"https:\/\/www.facebook.com\/modididireprato\/","article_published_time":"2020-09-07T16:19:03+00:00","article_modified_time":"2021-05-05T11:14:50+00:00","og_image":[{"width":1396,"height":1140,"url":"https:\/\/modididire.org\/wp-content\/uploads\/2020\/09\/87451338_2660889460686705_3286157637984452608_o.jpg","type":"image\/jpeg"}],"author":"ModiDire","twitter_card":"summary_large_image","twitter_misc":{"Scritto da":"ModiDire","Tempo di lettura stimato":"1 minuto"},"schema":{"@context":"https:\/\/schema.org","@graph":[{"@type":"Article","@id":"https:\/\/modididire.org\/index.php\/2020\/09\/07\/le-storie-di-modi-di-dire-christian\/#article","isPartOf":{"@id":"https:\/\/modididire.org\/index.php\/2020\/09\/07\/le-storie-di-modi-di-dire-christian\/"},"author":{"name":"ModiDire","@id":"https:\/\/modididire.org\/#\/schema\/person\/3b16f14a005176cbe8c4c3def825d8c3"},"headline":"Le Storie di Modi di Dire: Christian","datePublished":"2020-09-07T16:19:03+00:00","dateModified":"2021-05-05T11:14:50+00:00","mainEntityOfPage":{"@id":"https:\/\/modididire.org\/index.php\/2020\/09\/07\/le-storie-di-modi-di-dire-christian\/"},"wordCount":265,"publisher":{"@id":"https:\/\/modididire.org\/#organization"},"image":{"@id":"https:\/\/modididire.org\/index.php\/2020\/09\/07\/le-storie-di-modi-di-dire-christian\/#primaryimage"},"thumbnailUrl":"https:\/\/modididire.org\/wp-content\/uploads\/2020\/09\/87451338_2660889460686705_3286157637984452608_o.jpg","articleSection":["Blog"],"inLanguage":"it-IT"},{"@type":"WebPage","@id":"https:\/\/modididire.org\/index.php\/2020\/09\/07\/le-storie-di-modi-di-dire-christian\/","url":"https:\/\/modididire.org\/index.php\/2020\/09\/07\/le-storie-di-modi-di-dire-christian\/","name":"Le Storie di Modi di Dire: Christian - Modi di Dire Fondazione","isPartOf":{"@id":"https:\/\/modididire.org\/#website"},"primaryImageOfPage":{"@id":"https:\/\/modididire.org\/index.php\/2020\/09\/07\/le-storie-di-modi-di-dire-christian\/#primaryimage"},"image":{"@id":"https:\/\/modididire.org\/index.php\/2020\/09\/07\/le-storie-di-modi-di-dire-christian\/#primaryimage"},"thumbnailUrl":"https:\/\/modididire.org\/wp-content\/uploads\/2020\/09\/87451338_2660889460686705_3286157637984452608_o.jpg","datePublished":"2020-09-07T16:19:03+00:00","dateModified":"2021-05-05T11:14:50+00:00","description":"Questa \u00e8 la storia di Christian, bambino affetto dalla Sindrome di Down che segue un percorso di CAA e Logopedia presso la nostra Fondazione.","breadcrumb":{"@id":"https:\/\/modididire.org\/index.php\/2020\/09\/07\/le-storie-di-modi-di-dire-christian\/#breadcrumb"},"inLanguage":"it-IT","potentialAction":[{"@type":"ReadAction","target":["https:\/\/modididire.org\/index.php\/2020\/09\/07\/le-storie-di-modi-di-dire-christian\/"]}]},{"@type":"ImageObject","inLanguage":"it-IT","@id":"https:\/\/modididire.org\/index.php\/2020\/09\/07\/le-storie-di-modi-di-dire-christian\/#primaryimage","url":"https:\/\/modididire.org\/wp-content\/uploads\/2020\/09\/87451338_2660889460686705_3286157637984452608_o.jpg","contentUrl":"https:\/\/modididire.org\/wp-content\/uploads\/2020\/09\/87451338_2660889460686705_3286157637984452608_o.jpg","width":1396,"height":1140},{"@type":"BreadcrumbList","@id":"https:\/\/modididire.org\/index.php\/2020\/09\/07\/le-storie-di-modi-di-dire-christian\/#breadcrumb","itemListElement":[{"@type":"ListItem","position":1,"name":"Home","item":"https:\/\/modididire.org\/"},{"@type":"ListItem","position":2,"name":"Le Storie di Modi di Dire: Christian"}]},{"@type":"WebSite","@id":"https:\/\/modididire.org\/#website","url":"https:\/\/modididire.org\/","name":"Modi di Dire","description":"Fondazione Ets","publisher":{"@id":"https:\/\/modididire.org\/#organization"},"potentialAction":[{"@type":"SearchAction","target":{"@type":"EntryPoint","urlTemplate":"https:\/\/modididire.org\/?s={search_term_string}"},"query-input":{"@type":"PropertyValueSpecification","valueRequired":true,"valueName":"search_term_string"}}],"inLanguage":"it-IT"},{"@type":"Organization","@id":"https:\/\/modididire.org\/#organization","name":"Modi di dire","url":"https:\/\/modididire.org\/","logo":{"@type":"ImageObject","inLanguage":"it-IT","@id":"https:\/\/modididire.org\/#\/schema\/logo\/image\/","url":"https:\/\/modididire.org\/wp-content\/uploads\/2019\/12\/logoOK.png","contentUrl":"https:\/\/modididire.org\/wp-content\/uploads\/2019\/12\/logoOK.png","width":500,"height":74,"caption":"Modi di dire"},"image":{"@id":"https:\/\/modididire.org\/#\/schema\/logo\/image\/"},"sameAs":["https:\/\/www.facebook.com\/modididireprato\/","https:\/\/www.youtube.com\/channel\/UCQaZ45BhVaqBSfLs8SNGvjw"]},{"@type":"Person","@id":"https:\/\/modididire.org\/#\/schema\/person\/3b16f14a005176cbe8c4c3def825d8c3","name":"ModiDire","image":{"@type":"ImageObject","inLanguage":"it-IT","@id":"https:\/\/modididire.org\/#\/schema\/person\/image\/","url":"https:\/\/secure.gravatar.com\/avatar\/8165f61cfff3d4e5dfcfbf5e11a779e9a068aa7692345f841feaf697be94b686?s=96&d=mm&r=g","contentUrl":"https:\/\/secure.gravatar.com\/avatar\/8165f61cfff3d4e5dfcfbf5e11a779e9a068aa7692345f841feaf697be94b686?s=96&d=mm&r=g","caption":"ModiDire"}}]}},"_links":{"self":[{"href":"https:\/\/modididire.org\/index.php\/wp-json\/wp\/v2\/posts\/21193","targetHints":{"allow":["GET"]}}],"collection":[{"href":"https:\/\/modididire.org\/index.php\/wp-json\/wp\/v2\/posts"}],"about":[{"href":"https:\/\/modididire.org\/index.php\/wp-json\/wp\/v2\/types\/post"}],"author":[{"embeddable":true,"href":"https:\/\/modididire.org\/index.php\/wp-json\/wp\/v2\/users\/1"}],"replies":[{"embeddable":true,"href":"https:\/\/modididire.org\/index.php\/wp-json\/wp\/v2\/comments?post=21193"}],"version-history":[{"count":7,"href":"https:\/\/modididire.org\/index.php\/wp-json\/wp\/v2\/posts\/21193\/revisions"}],"predecessor-version":[{"id":21920,"href":"https:\/\/modididire.org\/index.php\/wp-json\/wp\/v2\/posts\/21193\/revisions\/21920"}],"wp:featuredmedia":[{"embeddable":true,"href":"https:\/\/modididire.org\/index.php\/wp-json\/wp\/v2\/media\/21194"}],"wp:attachment":[{"href":"https:\/\/modididire.org\/index.php\/wp-json\/wp\/v2\/media?parent=21193"}],"wp:term":[{"taxonomy":"category","embeddable":true,"href":"https:\/\/modididire.org\/index.php\/wp-json\/wp\/v2\/categories?post=21193"},{"taxonomy":"post_tag","embeddable":true,"href":"https:\/\/modididire.org\/index.php\/wp-json\/wp\/v2\/tags?post=21193"}],"curies":[{"name":"wp","href":"https:\/\/api.w.org\/{rel}","templated":true}]}}